{"id":587,"date":"2022-01-05T11:34:17","date_gmt":"2022-01-05T09:34:17","guid":{"rendered":"http:\/\/www.ciriec.es\/valencia2022\/\/?post_type=noticias&#038;p=587"},"modified":"2022-01-05T11:44:17","modified_gmt":"2022-01-05T09:44:17","slug":"le-palau-de-les-arts-de-valence-siege-du-33e-congres-international-du-ciriec","status":"publish","type":"noticias","link":"http:\/\/ciriec.es\/valencia2022\/fr\/noticias\/le-palau-de-les-arts-de-valence-siege-du-33e-congres-international-du-ciriec\/","title":{"rendered":"Le Palau de les Arts de Valence, si\u00e8ge du 33e Congr\u00e8s International du CIRIEC"},"content":{"rendered":"<p>Le 33e congr\u00e8s international du CIRIEC se tiendra au Palau de les Arts Reina Sof\u00eda (<a href=\"http:\/\/www.lesarts.com\/es\/\" target=\"_blank\" rel=\"noopener\">www.lesarts.com\/es\/<\/a>). Apr\u00e8s l&#8217;inauguration de l&#8217;Hemisf\u00e8ric en 1998, du Mus\u00e9e des Sciences en 2000 et l&#8217;ouverture au public de l&#8217;Oceanogr\u00e0fic en 2003, le Palau de les Arts compl\u00e8te la composante artistique et architecturale qui repr\u00e9sente l&#8217;engagement ferme de la Communaut\u00e9 de Valence envers la culture dans son sens le plus large, avec la science, la technologie et la nature. Inaugur\u00e9 en 2005, le majestueux b\u00e2timent est \u00e9quip\u00e9 des technologies les plus modernes, dans un espace avant-gardiste et moderne.<\/p>\n<p>Le Palau de les Arts Reina Sof\u00eda, con\u00e7u par l&#8217;architecte valencien Santiago Calatrava, se pr\u00e9sente comme une grande sculpture au contenu hautement symbolique. Il comporte des plates-formes en porte-\u00e0-faux \u00e0 diff\u00e9rentes hauteurs, avec des passerelles et de la v\u00e9g\u00e9tation, auxquelles on acc\u00e8de par des ascenseurs panoramiques et des escaliers situ\u00e9s \u00e0 l&#8217;int\u00e9rieur des enveloppes m\u00e9talliques de chaque c\u00f4t\u00e9 du b\u00e2timent. Le contraste entre l&#8217;opacit\u00e9 des coques en t\u00f4le d&#8217;acier et la transparence des vastes espaces vitr\u00e9s produit des sensations variables lorsqu&#8217;on se prom\u00e8ne dans le b\u00e2timent.<\/p>\n<h3>Valence\u00a0: une pyramide de cultures<\/h3>\n<p>Valence offre au visiteur 300 jours de soleil par an et une temp\u00e9rature annuelle moyenne de pr\u00e8s de 18\u00baC. Fond\u00e9e en 138 avant J.-C. par les Romains, Valence est une pyramide de cultures romaine, wisigothe, musulmane et m\u00e9di\u00e9vale. En t\u00e9moignent des monuments aussi repr\u00e9sentatifs que La Lonja de la Seda (d\u00e9clar\u00e9e patrimoine de mondial de l&#8217;UNESCO), La Almoina, Las Torres de Serranos et Las Torres de Quart ou la Cath\u00e9drale. Le Tribunal de las Aguas, fond\u00e9 en l&#8217;an 1000, a \u00e9galement \u00e9t\u00e9 reconnu par l&#8217;UNESCO comme patrimoine immat\u00e9riel mondial. Valence est aussi une ville en constante \u00e9volution. Une ville qui s&#8217;enorgueillit de son pass\u00e9 historique mais qui ose les grandes constructions du XXIe si\u00e8cle.<\/p>\n<p>En outre, Valence a \u00e9t\u00e9 reconnue comme capitale europ\u00e9enne du Tourisme Intelligent 2022 et Capitale Mondiale du Design 2022.<\/p>\n","protected":false},"excerpt":{"rendered":"<p>Le 33e congr\u00e8s international du CIRIEC se tiendra au Palau de les Arts Reina Sof\u00eda (www.lesarts.com\/es\/). Apr\u00e8s l&#8217;inauguration de l&#8217;Hemisf\u00e8ric en 1998, du Mus\u00e9e des Sciences en 2000 et l&#8217;ouverture au public de l&#8217;Oceanogr\u00e0fic en 2003, le Palau de les Arts compl\u00e8te la composante artistique et architecturale qui repr\u00e9sente l&#8217;engagement ferme de la Communaut\u00e9 de [&hellip;]<\/p>\n","protected":false},"featured_media":583,"template":"","class_list":["post-587","noticias","type-noticias","status-publish","has-post-thumbnail","hentry"],"acf":[],"_links":{"self":[{"href":"http:\/\/ciriec.es\/valencia2022\/wp-json\/wp\/v2\/noticias\/587","targetHints":{"allow":["GET"]}}],"collection":[{"href":"http:\/\/ciriec.es\/valencia2022\/wp-json\/wp\/v2\/noticias"}],"about":[{"href":"http:\/\/ciriec.es\/valencia2022\/wp-json\/wp\/v2\/types\/noticias"}],"wp:featuredmedia":[{"embeddable":true,"href":"http:\/\/ciriec.es\/valencia2022\/wp-json\/wp\/v2\/media\/583"}],"wp:attachment":[{"href":"http:\/\/ciriec.es\/valencia2022\/wp-json\/wp\/v2\/media?parent=587"}],"curies":[{"name":"wp","href":"https:\/\/api.w.org\/{rel}","templated":true}]}}