{"id":585,"date":"2022-01-05T11:34:17","date_gmt":"2022-01-05T09:34:17","guid":{"rendered":"http:\/\/www.ciriec.es\/valencia2022\/\/?post_type=noticias&#038;p=585"},"modified":"2022-01-05T18:53:46","modified_gmt":"2022-01-05T16:53:46","slug":"el-palau-de-les-arts-de-valencia-seu-del-33-congres-internacional-del-ciriec","status":"publish","type":"noticias","link":"http:\/\/ciriec.es\/valencia2022\/ca\/noticias\/el-palau-de-les-arts-de-valencia-seu-del-33-congres-internacional-del-ciriec\/","title":{"rendered":"El Palau de les Arts de Val\u00e8ncia, seu del 33 Congr\u00e9s Internacional del CIRIEC"},"content":{"rendered":"<p>El <strong>33 Congr\u00e9s Internacional del CIRIEC<\/strong> tindr\u00e0 lloc en el Palau de les Arts Reina Sofia (<a href=\"http:\/\/www.lesarts.com\/es\/)\" target=\"_blank\" rel=\"noopener\">www.lesarts.com\/es\/)<\/a>. Despr\u00e9s de la inauguraci\u00f3 del Hemisf\u00e8ric en 1998, el Museu dels Ci\u00e8ncies en 2000 i l&#8217;obertura al p\u00fablic del Oceanogr\u00e0fic en 2003, el Palau de les Arts\u00a0\u00a0\u00a0 Reina Sofia completa el component art\u00edstic i arquitect\u00f2nic que representa la decidida aposta de la Comunitat Valenciana\u00a0\u00a0 per la cultura en el seu m\u00e9s ampli sentit, al costat de la ci\u00e8ncia, la tecnologia i la naturalesa. Inaugurat en 2005, el majestu\u00f3s edifici compta amb les m\u00e9s modernes tecnologies, en un espai avantguardista i actual.<\/p>\n<p>El Palau de les Arts, dissenyat per l&#8217;arquitecte valenci\u00e0 Santiago Calatrava, es presenta com una gran escultura d&#8217;alt contingut simb\u00f2lic. Disposa de plataformes en volada a diferents altures, amb passejos i vegetaci\u00f3, a les quals s&#8217;accedeix mitjan\u00e7ant ascensors panor\u00e0mics i escales situades a l&#8217;interior de les carcasses met\u00e0l\u00b7liques que hi ha a banda i banda de l&#8217;edifici.<\/p>\n<h3>Val\u00e8ncia: una superposici\u00f3 de cultures<\/h3>\n<p>Val\u00e8ncia premia al visitant amb 300 dies de sol a l&#8217;any i una temperatura mitjana anual de quasi 18\u00b0C. Fundada l&#8217;any 138 abans de Crist pels romans, la ciutat \u00e9s una superposici\u00f3 de cultures romana, visigoda, musulmana i medieval. Mostra d&#8217;aix\u00f2 s\u00f3n monuments tan representatius com La llotja de la Seda (declarat Patrimoni de la Humanitat per la UNESCO), La Almoina, Les Torres de Serrans i de Quart o la Catedral.<\/p>\n<p>M\u00e9s enll\u00e0 de l&#8217;arquitect\u00f2nic, el Tribunal de les Aig\u00fces, fundat l&#8217;any 1000 i reconegut per la Unesco com a Patrimoni Immaterial de la Humanitat. Per\u00f2 a m\u00e9s \u00e9s una ciutat en cont\u00ednua evoluci\u00f3. Una ciutat que presumeix del seu passat hist\u00f2ric, per\u00f2 s&#8217;atreveix amb les grans construccions del segle XXI.<\/p>\n<p>A m\u00e9s, Val\u00e8ncia ha sigut reconeguda Capital Europea del Turisme Intel\u00b7ligent 2022, per la Comissi\u00f3 Europea i Capital Mundial del Disseny 2022.<\/p>\n","protected":false},"excerpt":{"rendered":"<p>El 33 Congr\u00e9s Internacional del CIRIEC tindr\u00e0 lloc en el Palau de les Arts Reina Sofia (www.lesarts.com\/es\/). Despr\u00e9s de la inauguraci\u00f3 del Hemisf\u00e8ric en 1998, el Museu dels Ci\u00e8ncies en 2000 i l&#8217;obertura al p\u00fablic del Oceanogr\u00e0fic en 2003, el Palau de les Arts\u00a0\u00a0\u00a0 Reina Sofia completa el component art\u00edstic i arquitect\u00f2nic que representa la [&hellip;]<\/p>\n","protected":false},"featured_media":583,"template":"","class_list":["post-585","noticias","type-noticias","status-publish","has-post-thumbnail","hentry"],"acf":[],"_links":{"self":[{"href":"http:\/\/ciriec.es\/valencia2022\/wp-json\/wp\/v2\/noticias\/585","targetHints":{"allow":["GET"]}}],"collection":[{"href":"http:\/\/ciriec.es\/valencia2022\/wp-json\/wp\/v2\/noticias"}],"about":[{"href":"http:\/\/ciriec.es\/valencia2022\/wp-json\/wp\/v2\/types\/noticias"}],"wp:featuredmedia":[{"embeddable":true,"href":"http:\/\/ciriec.es\/valencia2022\/wp-json\/wp\/v2\/media\/583"}],"wp:attachment":[{"href":"http:\/\/ciriec.es\/valencia2022\/wp-json\/wp\/v2\/media?parent=585"}],"curies":[{"name":"wp","href":"https:\/\/api.w.org\/{rel}","templated":true}]}}