{"id":582,"date":"2022-01-05T11:34:17","date_gmt":"2022-01-05T09:34:17","guid":{"rendered":"http:\/\/www.ciriec.es\/valencia2022\/\/?post_type=noticias&#038;p=582"},"modified":"2022-01-05T11:40:38","modified_gmt":"2022-01-05T09:40:38","slug":"el-palau-de-les-arts-de-valencia-sede-del-33-congreso-internacional-del-ciriec","status":"publish","type":"noticias","link":"http:\/\/ciriec.es\/valencia2022\/es\/noticias\/el-palau-de-les-arts-de-valencia-sede-del-33-congreso-internacional-del-ciriec\/","title":{"rendered":"El Palau de les Arts de Valencia, sede del 33 Congreso Internacional del CIRIEC"},"content":{"rendered":"<p>El <strong>33 Congreso Internacional del CIRIEC<\/strong> tendr\u00e1 lugar en el Palau de les Arts Reina Sof\u00eda (<a href=\"http:\/\/www.lesarts.com\/es\/\" target=\"_blank\" rel=\"noopener\">www.lesarts.com\/es\/<\/a>). Tras la inauguraci\u00f3n del Hemisf\u00e8ric en 1998, el Museo de les Ciencias en 2000 y la apertura al p\u00fablico del Oceanogr\u00e0fic en 2003, el Palau de les Arts Reina Sof\u00eda completa el componente art\u00edstico y arquitect\u00f3nico que representa la decidida apuesta de la Comunidad Valenciana por la cultura en su m\u00e1s amplio sentido, junto a la ciencia, la tecnolog\u00eda y la naturaleza. Inaugurado en 2005, el majestuoso edificio cuenta con las m\u00e1s modernas tecnolog\u00edas, en un espacio vanguardista y actual.<\/p>\n<p>El Palau de les Arts, dise\u00f1ado por el arquitecto valenciano Santiago Calatrava, se presenta como una gran escultura de alto contenido simb\u00f3lico. Dispone de plataformas en voladizo a diferentes alturas, con paseos y vegetaci\u00f3n, a las que se accede mediante ascensores panor\u00e1micos y escaleras situadas en el interior de las carcasas met\u00e1licas que hay a ambos lados del edificio. El contraste entre lo opaco de las carcasas de chapa de acero y la transparencia de los vastos espacios acristalados produce sensaciones cambiantes al recorrer el edificio.<\/p>\n<h3>Valencia: una superposici\u00f3n de culturas<\/h3>\n<p>Valencia premia al visitante con 300 d\u00edas de sol al a\u00f1o y una temperatura media anual de casi 18\u00baC. Fundada el a\u00f1o 138 antes de Cristo por los romanos, la ciudad es una superposici\u00f3n de culturas romana, visigoda, musulmana y medieval. Muestra de ello son monumentos tan representativos como La lonja de la Seda (declarado Patrimonio de la Humanidad por la UNESCO), La Almoina, Las Torres de Serranos y de Quart o la Catedral. M\u00e1s all\u00e1 de lo arquitect\u00f3nico, el Tribunal de las Aguas, fundado en el a\u00f1o 1000 y reconocido por la Unesco como Patrimonio Inmaterial de la Humanidad. Pero adem\u00e1s es una ciudad en continua evoluci\u00f3n. Una ciudad que presume de su pasado hist\u00f3rico, pero se atreve con las grandes construcciones del siglo XXI.<\/p>\n<p>Adem\u00e1s, Valencia ha sido reconocida Capital Europea del Turismo Inteligente 2022, por la Comisi\u00f3n Europea y Capital Mundial del Dise\u00f1o 2022.<\/p>\n","protected":false},"excerpt":{"rendered":"<p>El 33 Congreso Internacional del CIRIEC tendr\u00e1 lugar en el Palau de les Arts Reina Sof\u00eda (www.lesarts.com\/es\/). Tras la inauguraci\u00f3n del Hemisf\u00e8ric en 1998, el Museo de les Ciencias en 2000 y la apertura al p\u00fablico del Oceanogr\u00e0fic en 2003, el Palau de les Arts Reina Sof\u00eda completa el componente art\u00edstico y arquitect\u00f3nico que representa [&hellip;]<\/p>\n","protected":false},"featured_media":583,"template":"","class_list":["post-582","noticias","type-noticias","status-publish","has-post-thumbnail","hentry"],"acf":[],"_links":{"self":[{"href":"http:\/\/ciriec.es\/valencia2022\/wp-json\/wp\/v2\/noticias\/582","targetHints":{"allow":["GET"]}}],"collection":[{"href":"http:\/\/ciriec.es\/valencia2022\/wp-json\/wp\/v2\/noticias"}],"about":[{"href":"http:\/\/ciriec.es\/valencia2022\/wp-json\/wp\/v2\/types\/noticias"}],"wp:featuredmedia":[{"embeddable":true,"href":"http:\/\/ciriec.es\/valencia2022\/wp-json\/wp\/v2\/media\/583"}],"wp:attachment":[{"href":"http:\/\/ciriec.es\/valencia2022\/wp-json\/wp\/v2\/media?parent=582"}],"curies":[{"name":"wp","href":"https:\/\/api.w.org\/{rel}","templated":true}]}}